{"id":230,"date":"2018-10-15T14:11:03","date_gmt":"2018-10-15T14:11:03","guid":{"rendered":"http:\/\/www.regresniterapiestrakonice.cz\/?p=230"},"modified":"2025-10-14T11:12:25","modified_gmt":"2025-10-14T11:12:25","slug":"regresni-terapie-hlubinna-abreaktivni-psychoterapie","status":"publish","type":"post","link":"https:\/\/www.regresniterapiestrakonice.cz\/index.php\/2018\/10\/15\/regresni-terapie-hlubinna-abreaktivni-psychoterapie\/","title":{"rendered":"Regresn\u00ed terapie &#8211; hlubinn\u00e1 abreaktivn\u00ed psychoterapie"},"content":{"rendered":"<p align=\"JUSTIFY\"><img loading=\"lazy\" decoding=\"async\" class=\"size-medium wp-image-231 alignleft\" src=\"https:\/\/www.regresniterapiestrakonice.cz\/wp-content\/uploads\/2018\/10\/regre-300x146.jpg\" alt=\"\" width=\"300\" height=\"146\" srcset=\"https:\/\/www.regresniterapiestrakonice.cz\/wp-content\/uploads\/2018\/10\/regre-300x146.jpg 300w, https:\/\/www.regresniterapiestrakonice.cz\/wp-content\/uploads\/2018\/10\/regre-624x304.jpg 624w, https:\/\/www.regresniterapiestrakonice.cz\/wp-content\/uploads\/2018\/10\/regre.jpg 720w\" sizes=\"auto, (max-width: 300px) 100vw, 300px\" \/><\/p>\n<p align=\"JUSTIFY\">Regresn\u00ed terapie je jedna z mo\u017enost\u00ed, kterou m\u016f\u017eete \u0159e\u0161it svoje pot\u00ed\u017ee. Pot\u00ed\u017ee psychick\u00e9ho i fyzick\u00e9ho r\u00e1zu. Jedn\u00e1 se o sezen\u00ed terapeuta s klientem, kter\u00e9 m\u016f\u017ee trvat n\u011bkolik hodin. P\u0159itom je klient neust\u00e1le p\u0159i v\u011bdom\u00ed, proto se nejedn\u00e1 o hypn\u00f3zu a tomu podobn\u00e9 techniky. Tato hlubinn\u00e1 abreaktivn\u00ed psychoterapie, kterou vymyslel pan Andrej Dragomireck\u00fd, nab\u00edz\u00ed zp\u016fsob jak j\u00edt do minulosti, pomoc\u00ed p\u0159irozen\u00e9 asocia\u010dn\u00ed schopnosti, kterou m\u00e1 na\u0161e pam\u011b\u0165 vrozenou. Regresn\u00ed terapie pracuje s t\u00edm, \u017ee \u010dlov\u011bk je nehmotn\u00e1 du\u0161e, psychika a hmotn\u00e9 t\u011blo.<!--more--><\/p>\n<p align=\"JUSTIFY\">Za cel\u00fd n\u00e1\u0161 v\u00fdvoj, v r\u016fzn\u00fdch t\u011blech, na r\u016fzn\u00fdch m\u00edstech, v r\u016fzn\u00e9m \u010dasov\u00e9m obdob\u00ed, jsme za\u017e\u00edvali spoustu p\u0159\u00edjemn\u00fdch i nep\u0159\u00edjemn\u00fdch situac\u00ed a tohle v\u0161echno se ukl\u00e1d\u00e1 do na\u0161\u00ed pam\u011bti, a\u0165 chceme nebo ne. Kam a\u017e sah\u00e1 na\u0161e pam\u011b\u0165? V praxi se neuk\u00e1zalo, \u017ee by byla n\u011bjak\u00e1 mez, p\u0159es kterou by se nedalo j\u00edt. M\u016f\u017eeme si vybavit ud\u00e1losti, kter\u00e9 se staly v na\u0161em \u00fatl\u00e9m d\u011btstv\u00ed, v prenat\u00e1ln\u00edm stavu, v na\u0161ich minul\u00fdch \u017eivotech na Zemi, na jin\u00fdch planet\u00e1ch, v jin\u00fdch vesm\u00edrech, kde u\u017e jsme se inkarnovali n\u011bkdy mnohem d\u0159\u00edve. Stalo-li se tam n\u011bco podstatn\u00e9ho, m\u016f\u017ee to m\u00edt na n\u00e1s vliv, a\u017e do dnes. Vyno\u0159uje se n\u00e1m to v r\u016fzn\u00e9 m\u00ed\u0159e zase zp\u011bt, kdy\u017e se v n\u011bjak\u00e9 situaci, ve kter\u00e9 se nach\u00e1z\u00edme objev\u00ed jak\u00e1si podobnost, kter\u00e1 na n\u00e1s zap\u016fsob\u00ed a kter\u00e1 n\u00e1m p\u0159ipomene ur\u010ditou minulou zku\u0161enost.V\u011bt\u0161inou si nejsme v\u011bdomi tohoto p\u0159ipomenut\u00ed a to proto, \u017ee na n\u00e1s p\u016fsob\u00ed ud\u00e1lost, kter\u00e1 se stala n\u011bkdy v minulosti a n\u00e1sledn\u011b se to m\u016f\u017ee projevit ve form\u011b pot\u00ed\u017e\u00ed, kter\u00e9 m\u00e1me. V na\u0161\u00ed pam\u011bti, ve kter\u00e9 je zaznamenan\u00e9 v\u0161echno, co jsme pro\u017eili, v\u010detn\u011b ve\u0161ker\u00fdch inkarnac\u00ed, jsme pr\u00e1v\u011b d\u00edky asociac\u00edm schopni vybavit si ud\u00e1losti, jak a kde k traumatu do\u0161lo i se v\u0161emi dal\u0161\u00edmi detaily a pot\u0159ebn\u00fdmi \u00fadaji. P\u0159i sezen\u00ed pak d\u00edky opakovan\u00e9mu proch\u00e1zen\u00ed ud\u00e1losti a pochopen\u00ed souvislost\u00ed, doch\u00e1z\u00ed k tomu, \u017ee se takov\u00e1 situace st\u00e1v\u00e1 bezv\u00fdznamn\u00e1 a emo\u010dn\u00ed n\u00e1boj miz\u00ed. T\u00edm doch\u00e1z\u00ed k uzdraven\u00ed v sou\u010dasnosti.<\/p>\n<p align=\"LEFT\">Mo\u017en\u00e1 v\u00e1s napadlo, \u201eale to je hrozn\u011b moc \u017eivot\u016f, kter\u00e9 n\u00e1s ovliv\u0148uj\u00ed.\u201c Ano, je to tak. Mo\u017en\u00e1 se v\u00e1m tato skute\u010dnost nel\u00edb\u00ed, ale n\u00e1\u0161 v\u00fdvoj nen\u00ed jen ot\u00e1zka okam\u017eiku, tohoto \u017eivota, p\u00e1r \u017eivot\u016f. Je to dlouh\u00e1 pou\u0165, kter\u00e1 je ob\u010das krkolomn\u00e1.<\/p>\n<p align=\"JUSTIFY\">Regresn\u00ed terapie v\u00e1m d\u00e1v\u00e1 mo\u017enost pod\u00edvat se pod pokli\u010dku va\u0161\u00ed samotn\u00e9 existence. Nen\u00ed to jen o odbour\u00e1v\u00e1n\u00ed probl\u00e9m\u016f, i kdy\u017e to u toho za\u010d\u00edn\u00e1. Ti, kte\u0159\u00ed se tomu v\u011bnuj\u00ed d\u00e9le tam nach\u00e1z\u00ed n\u011bco v\u011bt\u0161\u00edho ne\u017e po\u010d\u00e1tek sv\u00fdch pot\u00ed\u017e\u00ed a n\u00e1sledn\u00e9ho uzdraven\u00ed. Objevuj\u00ed tam spoustu souvislost\u00ed a z\u00e1konitost\u00ed vlastn\u00edho duchovn\u00edho v\u00fdvoje a rozvoje. Je to taky jedna z m\u00e1la mo\u017enost\u00ed, kter\u00e1 v\u00e1m d\u00e1v\u00e1 mo\u017enost aktivn\u011b pracovat se svoj\u00ed karmou, tak aby se d\u00e1le neprojevovala, aby se situace neopakovaly.<\/p>\n<p align=\"JUSTIFY\">Neodmyslitelnou sou\u010d\u00e1st\u00ed regresn\u00ed terapie, je tak\u00e9 pr\u00e1ce s du\u0161emi zem\u0159el\u00fdch. U\u017e to samo napov\u00edd\u00e1, \u017ee kdy\u017e se pracuje s minul\u00fdmi \u017eivoty, sv\u00e9 m\u00edsto tu maj\u00ed i du\u0161e. Spousta t\u011bch, kte\u0159\u00ed ve sv\u00e9m vt\u011blen\u00ed za\u017eili n\u011bjakou tu z\u00e1t\u011b\u017e a um\u0159eli, tak nebyli schopni odpustit, nebo se sm\u00ed\u0159it se situac\u00ed v j\u00ed\u017e se ocitli. Z\u016fstali zde ve fyzick\u00e9 rovin\u011b s n\u00e1mi a nepokra\u010dovali d\u00e1le do sv\u011btla. A\u0165 u\u017e jim n\u011bkdo ubl\u00ed\u017eil, nebo maj\u00ed n\u011bjak\u00fd jin\u00fd z\u00e1jem zde setrv\u00e1vat, je dobr\u00e9 v\u011bd\u011bt, \u017ee se jich b\u00e1t nemus\u00edme. Tyto du\u0161e, kter\u00e9 opustily svoje fyzick\u00e9 t\u011blo, nemus\u00ed v\u016fbec v\u011bd\u011bt, \u017ee ji\u017e t\u011blo nemaj\u00ed a jednaj\u00ed d\u00e1l, tak jako by ho m\u011bly. D\u016fvody, pro\u010d tu du\u0161e m\u016f\u017eou setrv\u00e1vat jsou r\u016fzn\u00e9. Ka\u017ed\u00e1 du\u0161e m\u00e1 sv\u016fj individu\u00e1ln\u00ed d\u016fvod. M\u016f\u017ee b\u00fdt jen zmaten\u00e1, nebo si to chce vy\u0159\u00edkat (pomst\u00edt se) s t\u00edm, kdo j\u00ed ubl\u00ed\u017eil, \u010di lp\u00ed na majetku. D\u016fvod\u016f m\u016f\u017ee b\u00fdt opravdu tolik, kolik je du\u0161\u00ed. Cesta jak pomoci du\u0161\u00edm bez t\u011bla, je v podstat\u011b stejn\u00e1 jako pomoc \u010dlov\u011bku, kter\u00fd absolvuje sezen\u00ed. Je pot\u0159eba jim zpracovat onu ud\u00e1lost, kter\u00e1 je tr\u00e1p\u00ed a nedovol\u00ed jim odej\u00edt. Proto nem\u00e1 moc smysl du\u0161e vyh\u00e1n\u011bt. Lep\u0161\u00ed je s nimi mluvit, uk\u00e1zat jim v jak\u00e9 situaci se nach\u00e1z\u00ed, aby pochopily jak se dneska v\u011bci maj\u00ed a pak jim pomoc\u00ed regrese ulevit od toho, co je tr\u00e1p\u00ed.<\/p>\n<p align=\"JUSTIFY\">Pom\u011brn\u011b \u010dasto se st\u00e1v\u00e1, \u017ee b\u011bhem proch\u00e1zen\u00ed ud\u00e1losti se uk\u00e1\u017ee du\u0161e, kter\u00e9 se to t\u00fdk\u00e1. Tady je pr\u00e1v\u011b to spojen\u00ed, bez kter\u00e9ho by hlubinn\u00e1 abreaktivn\u00ed psychoterapie nebyla kompletn\u00ed. Kdy\u017e se toto stane, tak terapeut navazuje kontakt p\u0159es klienta s onou du\u0161\u00ed. Pot\u00e9 co du\u0161e pochop\u00ed, v jak\u00e9 situaci se nach\u00e1z\u00ed, nech\u00e1 si pomoci. Je na tom p\u0159\u00edjemn\u00e9 i to, \u017ee klient m\u00e1 dobr\u00fd pocit, \u017ee t\u00e9 du\u0161i m\u016f\u017ee pomoci. Je tu dal\u0161\u00ed rozm\u011br regrese, \u010dlov\u011bk, kter\u00fd kdysi n\u011bkomu ubl\u00ed\u017eil, dneska tomu sam\u00e9mu pom\u00e1h\u00e1. I t\u00edmto od\u010di\u0148ujete svoji karmu kr\u016f\u010dek po kr\u016f\u010dku. N\u00e1sledn\u011b doch\u00e1z\u00ed ke vz\u00e1jemn\u00e9mu odpu\u0161t\u011bn\u00ed a du\u0161i pak odvedeme do sv\u011btla. Du\u0161e, kter\u00e1 se c\u00edt\u00ed mnohem l\u00e9pe, nem\u00e1 pot\u0159ebu tady (ve fyzick\u00e9 rovin\u011b) d\u00e9le setrv\u00e1vat a tak odchod do jin\u00fdch sf\u00e9r (sv\u011btlo, nebe) \u010dasto i sama navrhne. A takhle to m\u00e1 b\u00fdt. Je to kr\u00e1sn\u00e9 pro v\u0161echny p\u0159\u00edtomn\u00e9, kdy\u017e doch\u00e1z\u00ed k uvoln\u011bn\u00ed star\u00fdch k\u0159ivd a nastolen\u00ed klidu.<\/p>\n<p align=\"JUSTIFY\">Z toho v\u0161eho, co jste si p\u0159e\u010detli u\u017e mo\u017en\u00e1 tu\u0161\u00edte, kam v\u0161ude m\u016f\u017eete s touto terapi\u00ed. M\u016f\u017eeme t\u00edm vyl\u00e9\u010dit v\u011bt\u0161inu fyzick\u00fdch, psychick\u00fdch a psychosomatick\u00fdch pot\u00ed\u017e\u00ed. V\u0161echno co n\u00e1s bol\u00ed na t\u011ble i na duchu. (samoz\u0159ejm\u011b krom\u011b extr\u00e9mn\u00edch fyzick\u00fdch projev\u016f \u2013 usekl\u00e1 ruka v\u00e1m nedoroste). N\u011bkomu se poda\u0159\u00ed probl\u00e9m vy\u0159e\u0161it rychle a n\u011bkomu to trv\u00e1 d\u00e9le, proto\u017ee tam m\u00e1 spoustu ud\u00e1lost\u00ed spojen\u00fdch se sv\u00fdmi pot\u00ed\u017eemi. Toto je individu\u00e1ln\u00ed a nelze dop\u0159edu \u0159\u00edci, jak rychl\u00e9 to bude pr\u00e1v\u011b u v\u00e1s. Z ka\u017ed\u00e9ho sezen\u00ed by jste m\u011bli m\u00edt u\u017eitek a poc\u00edtit \u00falevu.<\/p>\n<p><a href=\"http:\/\/www.priznakytransformace.cz\/index.php\/transformace\/2242-petra-zlatohlavkova-regresni-terapie-hlubinna-abreaktivni-psychoterapie\">Priznakytransformace.cz\/index.php\/transformace\/2242-petra-zlatohlavkova-regresni-terapie-hlubinna-abreaktivni-psychoterapie<\/a><\/p>\n","protected":false},"excerpt":{"rendered":"<p>Regresn\u00ed terapie je jedna z mo\u017enost\u00ed, kterou m\u016f\u017eete \u0159e\u0161it svoje pot\u00ed\u017ee. Pot\u00ed\u017ee psychick\u00e9ho i fyzick\u00e9ho r\u00e1zu. Jedn\u00e1 se o sezen\u00ed terapeuta s klientem, kter\u00e9 m\u016f\u017ee trvat n\u011bkolik hodin. P\u0159itom je klient neust\u00e1le p\u0159i v\u011bdom\u00ed, proto se nejedn\u00e1 o hypn\u00f3zu a tomu podobn\u00e9 techniky. Tato hlubinn\u00e1 abreaktivn\u00ed psychoterapie, kterou vymyslel pan Andrej Dragomireck\u00fd, nab\u00edz\u00ed zp\u016fsob jak [&hellip;]<\/p>\n","protected":false},"author":1,"featured_media":0,"comment_status":"open","ping_status":"open","sticky":false,"template":"","format":"standard","meta":{"footnotes":""},"categories":[7],"tags":[24,10,27,12,28,11,13,14],"class_list":["post-230","post","type-post","status-publish","format-standard","hentry","category-prednasky-a-tisk","tag-duchovno","tag-duse","tag-hlubinna-abreaktivni-psychoterapie","tag-petra-zlatohlavkova","tag-priznaky-transformace","tag-regrese","tag-regresni-terapie-praha","tag-regresni-terapie-strakonice"],"_links":{"self":[{"href":"https:\/\/www.regresniterapiestrakonice.cz\/index.php\/wp-json\/wp\/v2\/posts\/230","targetHints":{"allow":["GET"]}}],"collection":[{"href":"https:\/\/www.regresniterapiestrakonice.cz\/index.php\/wp-json\/wp\/v2\/posts"}],"about":[{"href":"https:\/\/www.regresniterapiestrakonice.cz\/index.php\/wp-json\/wp\/v2\/types\/post"}],"author":[{"embeddable":true,"href":"https:\/\/www.regresniterapiestrakonice.cz\/index.php\/wp-json\/wp\/v2\/users\/1"}],"replies":[{"embeddable":true,"href":"https:\/\/www.regresniterapiestrakonice.cz\/index.php\/wp-json\/wp\/v2\/comments?post=230"}],"version-history":[{"count":4,"href":"https:\/\/www.regresniterapiestrakonice.cz\/index.php\/wp-json\/wp\/v2\/posts\/230\/revisions"}],"predecessor-version":[{"id":239,"href":"https:\/\/www.regresniterapiestrakonice.cz\/index.php\/wp-json\/wp\/v2\/posts\/230\/revisions\/239"}],"wp:attachment":[{"href":"https:\/\/www.regresniterapiestrakonice.cz\/index.php\/wp-json\/wp\/v2\/media?parent=230"}],"wp:term":[{"taxonomy":"category","embeddable":true,"href":"https:\/\/www.regresniterapiestrakonice.cz\/index.php\/wp-json\/wp\/v2\/categories?post=230"},{"taxonomy":"post_tag","embeddable":true,"href":"https:\/\/www.regresniterapiestrakonice.cz\/index.php\/wp-json\/wp\/v2\/tags?post=230"}],"curies":[{"name":"wp","href":"https:\/\/api.w.org\/{rel}","templated":true}]}}