{"id":343,"date":"2019-08-13T18:01:32","date_gmt":"2019-08-13T18:01:32","guid":{"rendered":"http:\/\/www.regresniterapiestrakonice.cz\/?p=343"},"modified":"2019-09-24T06:59:46","modified_gmt":"2019-09-24T06:59:46","slug":"prednaska-o-regresni-terapii-ve-strakonicich-2","status":"publish","type":"post","link":"https:\/\/www.regresniterapiestrakonice.cz\/index.php\/2019\/08\/13\/prednaska-o-regresni-terapii-ve-strakonicich-2\/","title":{"rendered":"P\u0159edn\u00e1\u0161ka o regresn\u00ed terapii ve Strakonic\u00edch 2"},"content":{"rendered":"\n<p>Pro velk\u00fd z\u00e1jem a \u00fa\u010dast, budeme spolu s podnikem Pod Stolem po\u0159\u00e1dat druhou p\u0159edn\u00e1\u0161ku, aby se dostalo i na ty, kte\u0159\u00ed byli z d\u016fvod\u016f pln\u00fd kapacity podniku odm\u00edtnuti. Popros\u00edm V\u00e1s, aby jste p\u0159\u00edmo u nich ud\u011blali rezervace, a\u0165 m\u00e1te jistotu, \u017ee tam budete. <br>Budu se na V\u00e1s t\u011b\u0161it a d\u011bkuji za z\u00e1jem.<\/p>\n\n\n\n<figure class=\"wp-block-image is-resized\"><img loading=\"lazy\" decoding=\"async\" src=\"https:\/\/www.regresniterapiestrakonice.cz\/wp-content\/uploads\/2019\/08\/Let\u00e1k-p\u0159edn\u00e1\u0161ka-Strakonice-2.-723x1024.png\" alt=\"\" class=\"wp-image-344\" width=\"362\" height=\"512\" srcset=\"https:\/\/www.regresniterapiestrakonice.cz\/wp-content\/uploads\/2019\/08\/Let\u00e1k-p\u0159edn\u00e1\u0161ka-Strakonice-2.-723x1024.png 723w, https:\/\/www.regresniterapiestrakonice.cz\/wp-content\/uploads\/2019\/08\/Let\u00e1k-p\u0159edn\u00e1\u0161ka-Strakonice-2.-212x300.png 212w, https:\/\/www.regresniterapiestrakonice.cz\/wp-content\/uploads\/2019\/08\/Let\u00e1k-p\u0159edn\u00e1\u0161ka-Strakonice-2.-768x1088.png 768w, https:\/\/www.regresniterapiestrakonice.cz\/wp-content\/uploads\/2019\/08\/Let\u00e1k-p\u0159edn\u00e1\u0161ka-Strakonice-2.-624x884.png 624w, https:\/\/www.regresniterapiestrakonice.cz\/wp-content\/uploads\/2019\/08\/Let\u00e1k-p\u0159edn\u00e1\u0161ka-Strakonice-2..png 1445w\" sizes=\"auto, (max-width: 362px) 100vw, 362px\" \/><\/figure>\n","protected":false},"excerpt":{"rendered":"<p>Pro velk\u00fd z\u00e1jem a \u00fa\u010dast, budeme spolu s podnikem Pod Stolem po\u0159\u00e1dat druhou p\u0159edn\u00e1\u0161ku, aby se dostalo i na ty, kte\u0159\u00ed byli z d\u016fvod\u016f pln\u00fd kapacity podniku odm\u00edtnuti. Popros\u00edm V\u00e1s, aby jste p\u0159\u00edmo u nich ud\u011blali rezervace, a\u0165 m\u00e1te jistotu, \u017ee tam budete. Budu se na V\u00e1s t\u011b\u0161it a d\u011bkuji za z\u00e1jem.<\/p>\n","protected":false},"author":1,"featured_media":0,"comment_status":"open","ping_status":"open","sticky":false,"template":"","format":"standard","meta":{"footnotes":""},"categories":[7],"tags":[27,40,38,33,34,14],"class_list":["post-343","post","type-post","status-publish","format-standard","hentry","category-prednasky-a-tisk","tag-hlubinna-abreaktivni-psychoterapie","tag-prednaska","tag-regresni-terapie","tag-regresni-terapie-jihocesky-kraj","tag-regresni-terapie-plzensky-kraj","tag-regresni-terapie-strakonice"],"_links":{"self":[{"href":"https:\/\/www.regresniterapiestrakonice.cz\/index.php\/wp-json\/wp\/v2\/posts\/343","targetHints":{"allow":["GET"]}}],"collection":[{"href":"https:\/\/www.regresniterapiestrakonice.cz\/index.php\/wp-json\/wp\/v2\/posts"}],"about":[{"href":"https:\/\/www.regresniterapiestrakonice.cz\/index.php\/wp-json\/wp\/v2\/types\/post"}],"author":[{"embeddable":true,"href":"https:\/\/www.regresniterapiestrakonice.cz\/index.php\/wp-json\/wp\/v2\/users\/1"}],"replies":[{"embeddable":true,"href":"https:\/\/www.regresniterapiestrakonice.cz\/index.php\/wp-json\/wp\/v2\/comments?post=343"}],"version-history":[{"count":2,"href":"https:\/\/www.regresniterapiestrakonice.cz\/index.php\/wp-json\/wp\/v2\/posts\/343\/revisions"}],"predecessor-version":[{"id":346,"href":"https:\/\/www.regresniterapiestrakonice.cz\/index.php\/wp-json\/wp\/v2\/posts\/343\/revisions\/346"}],"wp:attachment":[{"href":"https:\/\/www.regresniterapiestrakonice.cz\/index.php\/wp-json\/wp\/v2\/media?parent=343"}],"wp:term":[{"taxonomy":"category","embeddable":true,"href":"https:\/\/www.regresniterapiestrakonice.cz\/index.php\/wp-json\/wp\/v2\/categories?post=343"},{"taxonomy":"post_tag","embeddable":true,"href":"https:\/\/www.regresniterapiestrakonice.cz\/index.php\/wp-json\/wp\/v2\/tags?post=343"}],"curies":[{"name":"wp","href":"https:\/\/api.w.org\/{rel}","templated":true}]}}